{"id":1866,"date":"2024-02-19T09:08:28","date_gmt":"2024-02-19T08:08:28","guid":{"rendered":"https:\/\/sybring.com\/?p=1866"},"modified":"2024-02-19T09:11:15","modified_gmt":"2024-02-19T08:11:15","slug":"anna-var-sybrings-representant-vid-magnentus-hyresgastmiddag","status":"publish","type":"post","link":"https:\/\/sybring.com\/sv\/2024\/02\/19\/anna-var-sybrings-representant-vid-magnentus-hyresgastmiddag\/","title":{"rendered":"Anna var Sybrings representant vid Magnentus hyresg\u00e4stmiddag"},"content":{"rendered":"<p>Som vanligt bjuder v\u00e5r hyresv\u00e4rd Magnentus sina hyresg\u00e4ster p\u00e5 en smakfull m\u00e5ltid, utvalda drycker och en trevlig samvaro.<\/p>\n<p>Kv\u00e4llen, m\u00e5ltiden och s\u00e4llskapet avnj\u00f6ts p\u00e5 det stilfulla The Lamp Restaurant p\u00e5 det centralt bel\u00e4gna The Lamp Hotel i Norrk\u00f6ping.<\/p>\n<p>Anna s\u00e4ger att hon var mycket bel\u00e5ten med b\u00e5de maten och kv\u00e4llen.<\/p>\n<p><img fetchpriority=\"high\" decoding=\"async\" class=\"alignnone size-medium wp-image-1870\" src=\"https:\/\/sybring.com\/wp-content\/uploads\/2024\/02\/Lamp5-225x300.jpg\" alt=\"\" width=\"225\" height=\"300\" srcset=\"https:\/\/sybring.com\/wp-content\/uploads\/2024\/02\/Lamp5-225x300.jpg 225w, https:\/\/sybring.com\/wp-content\/uploads\/2024\/02\/Lamp5-768x1024.jpg 768w, https:\/\/sybring.com\/wp-content\/uploads\/2024\/02\/Lamp5-1152x1536.jpg 1152w, https:\/\/sybring.com\/wp-content\/uploads\/2024\/02\/Lamp5-1536x2048.jpg 1536w, https:\/\/sybring.com\/wp-content\/uploads\/2024\/02\/Lamp5-9x12.jpg 9w, https:\/\/sybring.com\/wp-content\/uploads\/2024\/02\/Lamp5-scaled.jpg 1920w\" sizes=\"(max-width: 225px) 100vw, 225px\" \/> <img decoding=\"async\" class=\"alignnone size-medium wp-image-1871\" src=\"https:\/\/sybring.com\/wp-content\/uploads\/2024\/02\/Lamp4-225x300.jpg\" alt=\"\" width=\"225\" height=\"300\" srcset=\"https:\/\/sybring.com\/wp-content\/uploads\/2024\/02\/Lamp4-225x300.jpg 225w, https:\/\/sybring.com\/wp-content\/uploads\/2024\/02\/Lamp4-768x1024.jpg 768w, https:\/\/sybring.com\/wp-content\/uploads\/2024\/02\/Lamp4-1152x1536.jpg 1152w, https:\/\/sybring.com\/wp-content\/uploads\/2024\/02\/Lamp4-1536x2048.jpg 1536w, https:\/\/sybring.com\/wp-content\/uploads\/2024\/02\/Lamp4-9x12.jpg 9w, https:\/\/sybring.com\/wp-content\/uploads\/2024\/02\/Lamp4-scaled.jpg 1920w\" sizes=\"(max-width: 225px) 100vw, 225px\" \/> <img decoding=\"async\" class=\"alignnone size-medium wp-image-1872\" src=\"https:\/\/sybring.com\/wp-content\/uploads\/2024\/02\/Lamp3-225x300.jpg\" alt=\"\" width=\"225\" height=\"300\" srcset=\"https:\/\/sybring.com\/wp-content\/uploads\/2024\/02\/Lamp3-225x300.jpg 225w, https:\/\/sybring.com\/wp-content\/uploads\/2024\/02\/Lamp3-768x1024.jpg 768w, https:\/\/sybring.com\/wp-content\/uploads\/2024\/02\/Lamp3-1152x1536.jpg 1152w, https:\/\/sybring.com\/wp-content\/uploads\/2024\/02\/Lamp3-1536x2048.jpg 1536w, https:\/\/sybring.com\/wp-content\/uploads\/2024\/02\/Lamp3-9x12.jpg 9w, https:\/\/sybring.com\/wp-content\/uploads\/2024\/02\/Lamp3-scaled.jpg 1920w\" sizes=\"(max-width: 225px) 100vw, 225px\" \/> <img loading=\"lazy\" decoding=\"async\" class=\"alignnone size-medium wp-image-1873\" src=\"https:\/\/sybring.com\/wp-content\/uploads\/2024\/02\/Lamp2-225x300.jpg\" alt=\"\" width=\"225\" height=\"300\" srcset=\"https:\/\/sybring.com\/wp-content\/uploads\/2024\/02\/Lamp2-225x300.jpg 225w, https:\/\/sybring.com\/wp-content\/uploads\/2024\/02\/Lamp2-768x1024.jpg 768w, https:\/\/sybring.com\/wp-content\/uploads\/2024\/02\/Lamp2-1152x1536.jpg 1152w, https:\/\/sybring.com\/wp-content\/uploads\/2024\/02\/Lamp2-1536x2048.jpg 1536w, https:\/\/sybring.com\/wp-content\/uploads\/2024\/02\/Lamp2-9x12.jpg 9w, https:\/\/sybring.com\/wp-content\/uploads\/2024\/02\/Lamp2-scaled.jpg 1920w\" sizes=\"(max-width: 225px) 100vw, 225px\" \/><\/p>\n","protected":false},"excerpt":{"rendered":"<p>Som vanligt bjuder v\u00e5r hyresv\u00e4rd Magnentus sina hyresg\u00e4ster p\u00e5 en smakfull m\u00e5ltid, utvalda drycker och en trevlig samvaro. Kv\u00e4llen, m\u00e5ltiden och s\u00e4llskapet avnj\u00f6ts p\u00e5 det stilfulla The Lamp Restaurant p\u00e5 det centralt bel\u00e4gna The Lamp Hotel i Norrk\u00f6ping. Anna s\u00e4ger att hon var mycket bel\u00e5ten med b\u00e5de maten och kv\u00e4llen.<\/p>\n","protected":false},"author":3,"featured_media":1867,"comment_status":"open","ping_status":"open","sticky":false,"template":"","format":"standard","meta":{"site-sidebar-layout":"default","site-content-layout":"","ast-site-content-layout":"default","site-content-style":"default","site-sidebar-style":"default","ast-global-header-display":"","ast-banner-title-visibility":"","ast-main-header-display":"","ast-hfb-above-header-display":"","ast-hfb-below-header-display":"","ast-hfb-mobile-header-display":"","site-post-title":"","ast-breadcrumbs-content":"","ast-featured-img":"","footer-sml-layout":"","theme-transparent-header-meta":"default","adv-header-id-meta":"","stick-header-meta":"","header-above-stick-meta":"","header-main-stick-meta":"","header-below-stick-meta":"","astra-migrate-meta-layouts":"set","ast-page-background-enabled":"default","ast-page-background-meta":{"desktop":{"background-color":"var(--ast-global-color-4)","background-image":"","background-repeat":"repeat","background-position":"center center","background-size":"auto","background-attachment":"scroll","background-type":"","background-media":"","overlay-type":"","overlay-color":"","overlay-opacity":"","overlay-gradient":""},"tablet":{"background-color":"","background-image":"","background-repeat":"repeat","background-position":"center center","background-size":"auto","background-attachment":"scroll","background-type":"","background-media":"","overlay-type":"","overlay-color":"","overlay-opacity":"","overlay-gradient":""},"mobile":{"background-color":"","background-image":"","background-repeat":"repeat","background-position":"center center","background-size":"auto","background-attachment":"scroll","background-type":"","background-media":"","overlay-type":"","overlay-color":"","overlay-opacity":"","overlay-gradient":""}},"ast-content-background-meta":{"desktop":{"background-color":"var(--ast-global-color-5)","background-image":"","background-repeat":"repeat","background-position":"center center","background-size":"auto","background-attachment":"scroll","background-type":"","background-media":"","overlay-type":"","overlay-color":"","overlay-opacity":"","overlay-gradient":""},"tablet":{"background-color":"var(--ast-global-color-5)","background-image":"","background-repeat":"repeat","background-position":"center center","background-size":"auto","background-attachment":"scroll","background-type":"","background-media":"","overlay-type":"","overlay-color":"","overlay-opacity":"","overlay-gradient":""},"mobile":{"background-color":"var(--ast-global-color-5)","background-image":"","background-repeat":"repeat","background-position":"center center","background-size":"auto","background-attachment":"scroll","background-type":"","background-media":"","overlay-type":"","overlay-color":"","overlay-opacity":"","overlay-gradient":""}},"footnotes":""},"categories":[21],"tags":[],"class_list":["post-1866","post","type-post","status-publish","format-standard","has-post-thumbnail","hentry","category-nyheter"],"yoast_head":"<!-- This site is optimized with the Yoast SEO plugin v22.8 - https:\/\/yoast.com\/wordpress\/plugins\/seo\/ -->\n<title>Anna var Sybrings representant vid Magnentus hyresg\u00e4stmiddag - Sybring<\/title>\n<meta name=\"description\" content=\"Anna var Sybrings representant vid Magnentus hyresg\u00e4stmiddag Sybring\" \/>\n<meta name=\"robots\" content=\"index, follow, max-snippet:-1, max-image-preview:large, max-video-preview:-1\" \/>\n<link rel=\"canonical\" href=\"https:\/\/sybring.com\/sv\/2024\/02\/19\/anna-var-sybrings-representant-vid-magnentus-hyresgastmiddag\/\" \/>\n<meta property=\"og:locale\" content=\"sv_SE\" \/>\n<meta property=\"og:type\" content=\"article\" \/>\n<meta property=\"og:title\" content=\"Anna var Sybrings representant vid Magnentus hyresg\u00e4stmiddag - Sybring\" \/>\n<meta property=\"og:description\" content=\"Anna var Sybrings representant vid Magnentus hyresg\u00e4stmiddag Sybring\" \/>\n<meta property=\"og:url\" content=\"https:\/\/sybring.com\/sv\/2024\/02\/19\/anna-var-sybrings-representant-vid-magnentus-hyresgastmiddag\/\" \/>\n<meta property=\"og:site_name\" content=\"Sybring\" \/>\n<meta property=\"article:published_time\" content=\"2024-02-19T08:08:28+00:00\" \/>\n<meta property=\"article:modified_time\" content=\"2024-02-19T08:11:15+00:00\" \/>\n<meta property=\"og:image\" content=\"https:\/\/sybring.com\/wp-content\/uploads\/2024\/02\/Lamp1-scaled.jpg\" \/>\n\t<meta property=\"og:image:width\" content=\"1920\" \/>\n\t<meta property=\"og:image:height\" content=\"2560\" \/>\n\t<meta property=\"og:image:type\" content=\"image\/jpeg\" \/>\n<meta name=\"author\" content=\"Henrik\" \/>\n<meta name=\"twitter:card\" content=\"summary_large_image\" \/>\n<meta name=\"twitter:label1\" content=\"Skriven av\" \/>\n\t<meta name=\"twitter:data1\" content=\"Henrik\" \/>\n\t<meta name=\"twitter:label2\" content=\"Ber\u00e4knad l\u00e4stid\" \/>\n\t<meta name=\"twitter:data2\" content=\"2 minuter\" \/>\n<script type=\"application\/ld+json\" class=\"yoast-schema-graph\">{\"@context\":\"https:\/\/schema.org\",\"@graph\":[{\"@type\":\"Article\",\"@id\":\"https:\/\/sybring.com\/2024\/02\/19\/anna-var-sybrings-representant-vid-magnentus-hyresgastmiddag\/#article\",\"isPartOf\":{\"@id\":\"https:\/\/sybring.com\/2024\/02\/19\/anna-var-sybrings-representant-vid-magnentus-hyresgastmiddag\/\"},\"author\":{\"name\":\"Henrik\",\"@id\":\"https:\/\/sybring.com\/sv\/#\/schema\/person\/f3b475f14f98029b8e0178baecd79435\"},\"headline\":\"Anna var Sybrings representant vid Magnentus hyresg\u00e4stmiddag\",\"datePublished\":\"2024-02-19T08:08:28+00:00\",\"dateModified\":\"2024-02-19T08:11:15+00:00\",\"mainEntityOfPage\":{\"@id\":\"https:\/\/sybring.com\/2024\/02\/19\/anna-var-sybrings-representant-vid-magnentus-hyresgastmiddag\/\"},\"wordCount\":72,\"commentCount\":0,\"publisher\":{\"@id\":\"https:\/\/sybring.com\/sv\/#organization\"},\"image\":{\"@id\":\"https:\/\/sybring.com\/2024\/02\/19\/anna-var-sybrings-representant-vid-magnentus-hyresgastmiddag\/#primaryimage\"},\"thumbnailUrl\":\"https:\/\/sybring.com\/wp-content\/uploads\/2024\/02\/Lamp1-scaled.jpg\",\"articleSection\":[\"Nyheter\"],\"inLanguage\":\"sv-SE\",\"potentialAction\":[{\"@type\":\"CommentAction\",\"name\":\"Comment\",\"target\":[\"https:\/\/sybring.com\/2024\/02\/19\/anna-var-sybrings-representant-vid-magnentus-hyresgastmiddag\/#respond\"]}]},{\"@type\":\"WebPage\",\"@id\":\"https:\/\/sybring.com\/2024\/02\/19\/anna-var-sybrings-representant-vid-magnentus-hyresgastmiddag\/\",\"url\":\"https:\/\/sybring.com\/2024\/02\/19\/anna-var-sybrings-representant-vid-magnentus-hyresgastmiddag\/\",\"name\":\"Anna var Sybrings representant vid Magnentus hyresg\u00e4stmiddag - Sybring\",\"isPartOf\":{\"@id\":\"https:\/\/sybring.com\/sv\/#website\"},\"primaryImageOfPage\":{\"@id\":\"https:\/\/sybring.com\/2024\/02\/19\/anna-var-sybrings-representant-vid-magnentus-hyresgastmiddag\/#primaryimage\"},\"image\":{\"@id\":\"https:\/\/sybring.com\/2024\/02\/19\/anna-var-sybrings-representant-vid-magnentus-hyresgastmiddag\/#primaryimage\"},\"thumbnailUrl\":\"https:\/\/sybring.com\/wp-content\/uploads\/2024\/02\/Lamp1-scaled.jpg\",\"datePublished\":\"2024-02-19T08:08:28+00:00\",\"dateModified\":\"2024-02-19T08:11:15+00:00\",\"description\":\"Anna var Sybrings representant vid Magnentus hyresg\u00e4stmiddag Sybring\",\"breadcrumb\":{\"@id\":\"https:\/\/sybring.com\/2024\/02\/19\/anna-var-sybrings-representant-vid-magnentus-hyresgastmiddag\/#breadcrumb\"},\"inLanguage\":\"sv-SE\",\"potentialAction\":[{\"@type\":\"ReadAction\",\"target\":[\"https:\/\/sybring.com\/2024\/02\/19\/anna-var-sybrings-representant-vid-magnentus-hyresgastmiddag\/\"]}]},{\"@type\":\"ImageObject\",\"inLanguage\":\"sv-SE\",\"@id\":\"https:\/\/sybring.com\/2024\/02\/19\/anna-var-sybrings-representant-vid-magnentus-hyresgastmiddag\/#primaryimage\",\"url\":\"https:\/\/sybring.com\/wp-content\/uploads\/2024\/02\/Lamp1-scaled.jpg\",\"contentUrl\":\"https:\/\/sybring.com\/wp-content\/uploads\/2024\/02\/Lamp1-scaled.jpg\",\"width\":1920,\"height\":2560,\"caption\":\"Julfest med Magnentus\"},{\"@type\":\"BreadcrumbList\",\"@id\":\"https:\/\/sybring.com\/2024\/02\/19\/anna-var-sybrings-representant-vid-magnentus-hyresgastmiddag\/#breadcrumb\",\"itemListElement\":[{\"@type\":\"ListItem\",\"position\":1,\"name\":\"Hem\",\"item\":\"https:\/\/sybring.com\/\"},{\"@type\":\"ListItem\",\"position\":2,\"name\":\"Anna var Sybrings representant vid Magnentus hyresg\u00e4stmiddag\"}]},{\"@type\":\"WebSite\",\"@id\":\"https:\/\/sybring.com\/sv\/#website\",\"url\":\"https:\/\/sybring.com\/sv\/\",\"name\":\"Sybring\",\"description\":\"VI L\u00d6SER DINA UTMANINGAR\",\"publisher\":{\"@id\":\"https:\/\/sybring.com\/sv\/#organization\"},\"potentialAction\":[{\"@type\":\"SearchAction\",\"target\":{\"@type\":\"EntryPoint\",\"urlTemplate\":\"https:\/\/sybring.com\/sv\/?s={search_term_string}\"},\"query-input\":\"required name=search_term_string\"}],\"inLanguage\":\"sv-SE\"},{\"@type\":\"Organization\",\"@id\":\"https:\/\/sybring.com\/sv\/#organization\",\"name\":\"Sybring\",\"url\":\"https:\/\/sybring.com\/sv\/\",\"logo\":{\"@type\":\"ImageObject\",\"inLanguage\":\"sv-SE\",\"@id\":\"https:\/\/sybring.com\/sv\/#\/schema\/logo\/image\/\",\"url\":\"https:\/\/sybring.com\/wp-content\/uploads\/2023\/06\/Sybring_Logo-White_1000px.png\",\"contentUrl\":\"https:\/\/sybring.com\/wp-content\/uploads\/2023\/06\/Sybring_Logo-White_1000px.png\",\"width\":1000,\"height\":448,\"caption\":\"Sybring\"},\"image\":{\"@id\":\"https:\/\/sybring.com\/sv\/#\/schema\/logo\/image\/\"}},{\"@type\":\"Person\",\"@id\":\"https:\/\/sybring.com\/sv\/#\/schema\/person\/f3b475f14f98029b8e0178baecd79435\",\"name\":\"Henrik\",\"image\":{\"@type\":\"ImageObject\",\"inLanguage\":\"sv-SE\",\"@id\":\"https:\/\/sybring.com\/sv\/#\/schema\/person\/image\/\",\"url\":\"https:\/\/secure.gravatar.com\/avatar\/f2628091aa185f3e6bd56258a3d677cfc7f1d98ae4dc3d876b5786648253ed08?s=96&d=mm&r=g\",\"contentUrl\":\"https:\/\/secure.gravatar.com\/avatar\/f2628091aa185f3e6bd56258a3d677cfc7f1d98ae4dc3d876b5786648253ed08?s=96&d=mm&r=g\",\"caption\":\"Henrik\"},\"url\":\"https:\/\/sybring.com\/sv\/author\/henrik\/\"}]}<\/script>\n<!-- \/ Yoast SEO plugin. -->","yoast_head_json":{"title":"Anna var Sybrings representant vid Magnentus hyresg\u00e4stmiddag - Sybring","description":"Anna var Sybrings representant vid Magnentus hyresg\u00e4stmiddag Sybring","robots":{"index":"index","follow":"follow","max-snippet":"max-snippet:-1","max-image-preview":"max-image-preview:large","max-video-preview":"max-video-preview:-1"},"canonical":"https:\/\/sybring.com\/sv\/2024\/02\/19\/anna-var-sybrings-representant-vid-magnentus-hyresgastmiddag\/","og_locale":"sv_SE","og_type":"article","og_title":"Anna var Sybrings representant vid Magnentus hyresg\u00e4stmiddag - Sybring","og_description":"Anna var Sybrings representant vid Magnentus hyresg\u00e4stmiddag Sybring","og_url":"https:\/\/sybring.com\/sv\/2024\/02\/19\/anna-var-sybrings-representant-vid-magnentus-hyresgastmiddag\/","og_site_name":"Sybring","article_published_time":"2024-02-19T08:08:28+00:00","article_modified_time":"2024-02-19T08:11:15+00:00","og_image":[{"width":1920,"height":2560,"url":"https:\/\/sybring.com\/wp-content\/uploads\/2024\/02\/Lamp1-scaled.jpg","type":"image\/jpeg"}],"author":"Henrik","twitter_card":"summary_large_image","twitter_misc":{"Skriven av":"Henrik","Ber\u00e4knad l\u00e4stid":"2 minuter"},"schema":{"@context":"https:\/\/schema.org","@graph":[{"@type":"Article","@id":"https:\/\/sybring.com\/2024\/02\/19\/anna-var-sybrings-representant-vid-magnentus-hyresgastmiddag\/#article","isPartOf":{"@id":"https:\/\/sybring.com\/2024\/02\/19\/anna-var-sybrings-representant-vid-magnentus-hyresgastmiddag\/"},"author":{"name":"Henrik","@id":"https:\/\/sybring.com\/sv\/#\/schema\/person\/f3b475f14f98029b8e0178baecd79435"},"headline":"Anna var Sybrings representant vid Magnentus hyresg\u00e4stmiddag","datePublished":"2024-02-19T08:08:28+00:00","dateModified":"2024-02-19T08:11:15+00:00","mainEntityOfPage":{"@id":"https:\/\/sybring.com\/2024\/02\/19\/anna-var-sybrings-representant-vid-magnentus-hyresgastmiddag\/"},"wordCount":72,"commentCount":0,"publisher":{"@id":"https:\/\/sybring.com\/sv\/#organization"},"image":{"@id":"https:\/\/sybring.com\/2024\/02\/19\/anna-var-sybrings-representant-vid-magnentus-hyresgastmiddag\/#primaryimage"},"thumbnailUrl":"https:\/\/sybring.com\/wp-content\/uploads\/2024\/02\/Lamp1-scaled.jpg","articleSection":["Nyheter"],"inLanguage":"sv-SE","potentialAction":[{"@type":"CommentAction","name":"Comment","target":["https:\/\/sybring.com\/2024\/02\/19\/anna-var-sybrings-representant-vid-magnentus-hyresgastmiddag\/#respond"]}]},{"@type":"WebPage","@id":"https:\/\/sybring.com\/2024\/02\/19\/anna-var-sybrings-representant-vid-magnentus-hyresgastmiddag\/","url":"https:\/\/sybring.com\/2024\/02\/19\/anna-var-sybrings-representant-vid-magnentus-hyresgastmiddag\/","name":"Anna var Sybrings representant vid Magnentus hyresg\u00e4stmiddag - Sybring","isPartOf":{"@id":"https:\/\/sybring.com\/sv\/#website"},"primaryImageOfPage":{"@id":"https:\/\/sybring.com\/2024\/02\/19\/anna-var-sybrings-representant-vid-magnentus-hyresgastmiddag\/#primaryimage"},"image":{"@id":"https:\/\/sybring.com\/2024\/02\/19\/anna-var-sybrings-representant-vid-magnentus-hyresgastmiddag\/#primaryimage"},"thumbnailUrl":"https:\/\/sybring.com\/wp-content\/uploads\/2024\/02\/Lamp1-scaled.jpg","datePublished":"2024-02-19T08:08:28+00:00","dateModified":"2024-02-19T08:11:15+00:00","description":"Anna var Sybrings representant vid Magnentus hyresg\u00e4stmiddag Sybring","breadcrumb":{"@id":"https:\/\/sybring.com\/2024\/02\/19\/anna-var-sybrings-representant-vid-magnentus-hyresgastmiddag\/#breadcrumb"},"inLanguage":"sv-SE","potentialAction":[{"@type":"ReadAction","target":["https:\/\/sybring.com\/2024\/02\/19\/anna-var-sybrings-representant-vid-magnentus-hyresgastmiddag\/"]}]},{"@type":"ImageObject","inLanguage":"sv-SE","@id":"https:\/\/sybring.com\/2024\/02\/19\/anna-var-sybrings-representant-vid-magnentus-hyresgastmiddag\/#primaryimage","url":"https:\/\/sybring.com\/wp-content\/uploads\/2024\/02\/Lamp1-scaled.jpg","contentUrl":"https:\/\/sybring.com\/wp-content\/uploads\/2024\/02\/Lamp1-scaled.jpg","width":1920,"height":2560,"caption":"Julfest med Magnentus"},{"@type":"BreadcrumbList","@id":"https:\/\/sybring.com\/2024\/02\/19\/anna-var-sybrings-representant-vid-magnentus-hyresgastmiddag\/#breadcrumb","itemListElement":[{"@type":"ListItem","position":1,"name":"Hem","item":"https:\/\/sybring.com\/"},{"@type":"ListItem","position":2,"name":"Anna var Sybrings representant vid Magnentus hyresg\u00e4stmiddag"}]},{"@type":"WebSite","@id":"https:\/\/sybring.com\/sv\/#website","url":"https:\/\/sybring.com\/sv\/","name":"Sybring","description":"VI L\u00d6SER DINA UTMANINGAR","publisher":{"@id":"https:\/\/sybring.com\/sv\/#organization"},"potentialAction":[{"@type":"SearchAction","target":{"@type":"EntryPoint","urlTemplate":"https:\/\/sybring.com\/sv\/?s={search_term_string}"},"query-input":"required name=search_term_string"}],"inLanguage":"sv-SE"},{"@type":"Organization","@id":"https:\/\/sybring.com\/sv\/#organization","name":"Sybring","url":"https:\/\/sybring.com\/sv\/","logo":{"@type":"ImageObject","inLanguage":"sv-SE","@id":"https:\/\/sybring.com\/sv\/#\/schema\/logo\/image\/","url":"https:\/\/sybring.com\/wp-content\/uploads\/2023\/06\/Sybring_Logo-White_1000px.png","contentUrl":"https:\/\/sybring.com\/wp-content\/uploads\/2023\/06\/Sybring_Logo-White_1000px.png","width":1000,"height":448,"caption":"Sybring"},"image":{"@id":"https:\/\/sybring.com\/sv\/#\/schema\/logo\/image\/"}},{"@type":"Person","@id":"https:\/\/sybring.com\/sv\/#\/schema\/person\/f3b475f14f98029b8e0178baecd79435","name":"Henrik","image":{"@type":"ImageObject","inLanguage":"sv-SE","@id":"https:\/\/sybring.com\/sv\/#\/schema\/person\/image\/","url":"https:\/\/secure.gravatar.com\/avatar\/f2628091aa185f3e6bd56258a3d677cfc7f1d98ae4dc3d876b5786648253ed08?s=96&d=mm&r=g","contentUrl":"https:\/\/secure.gravatar.com\/avatar\/f2628091aa185f3e6bd56258a3d677cfc7f1d98ae4dc3d876b5786648253ed08?s=96&d=mm&r=g","caption":"Henrik"},"url":"https:\/\/sybring.com\/sv\/author\/henrik\/"}]}},"_links":{"self":[{"href":"https:\/\/sybring.com\/sv\/wp-json\/wp\/v2\/posts\/1866","targetHints":{"allow":["GET"]}}],"collection":[{"href":"https:\/\/sybring.com\/sv\/wp-json\/wp\/v2\/posts"}],"about":[{"href":"https:\/\/sybring.com\/sv\/wp-json\/wp\/v2\/types\/post"}],"author":[{"embeddable":true,"href":"https:\/\/sybring.com\/sv\/wp-json\/wp\/v2\/users\/3"}],"replies":[{"embeddable":true,"href":"https:\/\/sybring.com\/sv\/wp-json\/wp\/v2\/comments?post=1866"}],"version-history":[{"count":3,"href":"https:\/\/sybring.com\/sv\/wp-json\/wp\/v2\/posts\/1866\/revisions"}],"predecessor-version":[{"id":1874,"href":"https:\/\/sybring.com\/sv\/wp-json\/wp\/v2\/posts\/1866\/revisions\/1874"}],"wp:featuredmedia":[{"embeddable":true,"href":"https:\/\/sybring.com\/sv\/wp-json\/wp\/v2\/media\/1867"}],"wp:attachment":[{"href":"https:\/\/sybring.com\/sv\/wp-json\/wp\/v2\/media?parent=1866"}],"wp:term":[{"taxonomy":"category","embeddable":true,"href":"https:\/\/sybring.com\/sv\/wp-json\/wp\/v2\/categories?post=1866"},{"taxonomy":"post_tag","embeddable":true,"href":"https:\/\/sybring.com\/sv\/wp-json\/wp\/v2\/tags?post=1866"}],"curies":[{"name":"wp","href":"https:\/\/api.w.org\/{rel}","templated":true}]}}